[{"@context":"https:\/\/schema.org\/","@type":"Article","@id":"https:\/\/www.zkb95.cz\/kdyz-se-rekne\/#Article","mainEntityOfPage":"https:\/\/www.zkb95.cz\/kdyz-se-rekne\/","headline":"Kdy\u017e se \u0159ekne","name":"Kdy\u017e se \u0159ekne","description":"Kdy\u017e se \u0159ekne mobiln\u00ed d\u016fm, co si pod t\u00edm pojmem p\u0159edstav\u00edte? Na mysl vpluje my\u0161lenka, \u017ee se jedn\u00e1 o n\u011bjakou jednu malou m\u00edstnost se such\u00fdm z\u00e1chodem venku na zahrad\u011b? Je to legra\u010dn\u00ed, ale takto podobn\u00e1 obydl\u00ed u\u017e d\u00e1vno nevypadaj\u00ed. Nejedn\u00e1 se ani o obydl\u00ed se \u010dty\u0159mi koly, i kdy\u017e i tyto je st\u00e1le mo\u017en\u00e9 p\u0159em\u00edstit,...","datePublished":"2019-09-17","dateModified":"2024-04-18","author":{"@type":"Person","@id":"https:\/\/www.zkb95.cz\/author\/#Person","name":"","url":"https:\/\/www.zkb95.cz\/author\/","identifier":1,"image":{"@type":"ImageObject","@id":"https:\/\/secure.gravatar.com\/avatar\/11f8c6ff4d174e1ebef1d6401491d0892ff6534e7a3312fbf752a8f90a4375cd?s=96&d=mm&r=g","url":"https:\/\/secure.gravatar.com\/avatar\/11f8c6ff4d174e1ebef1d6401491d0892ff6534e7a3312fbf752a8f90a4375cd?s=96&d=mm&r=g","height":96,"width":96}},"publisher":{"@type":"Organization","name":"zkb95.cz","logo":{"@type":"ImageObject","@id":"\/logo.png","url":"\/logo.png","width":600,"height":60}},"image":{"@type":"ImageObject","@id":"https:\/\/www.zkb95.cz\/wp-content\/uploads\/img_a362483_w3713_t1575623414.jpg","url":"https:\/\/www.zkb95.cz\/wp-content\/uploads\/img_a362483_w3713_t1575623414.jpg","height":0,"width":0},"url":"https:\/\/www.zkb95.cz\/kdyz-se-rekne\/","about":["Domov"],"wordCount":422,"articleBody":"              Kdy\u017e se \u0159ekne mobiln\u00ed d\u016fm, co si pod t\u00edm pojmem p\u0159edstav\u00edte? Na mysl vpluje my\u0161lenka, \u017ee se jedn\u00e1 o n\u011bjakou jednu malou m\u00edstnost se such\u00fdm z\u00e1chodem venku na zahrad\u011b? Je to legra\u010dn\u00ed, ale takto podobn\u00e1 obydl\u00ed u\u017e d\u00e1vno nevypadaj\u00ed. Nejedn\u00e1 se ani o obydl\u00ed se \u010dty\u0159mi koly, i kdy\u017e i tyto je st\u00e1le mo\u017en\u00e9 p\u0159em\u00edstit, proto se \u0159ad\u00ed do skupiny takzvan\u00fdch \u201emobiln\u00edch\u201c tedy pohybliv\u00fdch, co\u017e je nesporn\u011b jejich velkou v\u00fdhodou. D\u00e1 se v nich bydlet naprosto p\u0159irozen\u011b, pohodln\u011b a komfortn\u011b. V obydl\u00ed toti\u017e m\u00e1te v\u0161e pot\u0159ebn\u00e9 pro b\u011b\u017en\u00fd \u017eivot. Podobn\u00e9 bydlen\u00ed se d\u00e1 srovnat s bydlen\u00edm v rodinn\u00e9m dom\u011b nebo byt\u011b. N\u011bkolik m\u00edstnost\u00ed a dostatek prostoru Obydl\u00ed m\u016f\u017ee m\u00edt hned n\u011bkolik m\u00edstnost\u00ed. Z\u00e1le\u017e\u00ed na Va\u0161\u00ed p\u0159edstav\u011b, jak velk\u00fd prostor pro sebe pot\u0159ebujete. Samoz\u0159ejm\u011b, \u017ee pokoje jsou men\u0161\u00ed, ale za to si m\u016f\u017eete u\u017e\u00edvat skromn\u011bj\u0161\u00ed a \u00fatuln\u011bj\u0161\u00ed prost\u0159edn\u00ed. Pro n\u00e1s \u017eeny mus\u00edme zm\u00ednit jednu velkou v\u00fdhodu, men\u0161\u00ed prostor toti\u017e znamen\u00e1 m\u00ed\u0148 ukl\u00edzen\u00ed, co\u017e ocen\u00ed jist\u011b ka\u017ed\u00e1 z n\u00e1s. I d\u011bti mohou m\u00edt sv\u00e9 vlastn\u00ed pokoj\u00ed\u010dky. Nemluv\u011b o kr\u00e1sn\u00e9 a jedine\u010dn\u00e9 modern\u00ed kuchyni s modern\u00edmi spot\u0159ebi\u010di. V\u011bt\u0161inou b\u00fdv\u00e1 spojen\u00e1 s ob\u00fdvac\u00edm pokojem, kde se pohodln\u011b vleze sedac\u00ed souprava, televize a n\u011bjak\u00e9 dal\u0161\u00ed posezen\u00ed  http:\/\/www.kudyznudy.cz\/aktivity-a-akce\/aktivity\/posezeni-ve-sklepe.aspx nebo komody. Plnohodnotn\u00e1 je tak\u00e9 koupelna s umyvadlem a nap\u0159\u00edklad sprchov\u00fdm koutem. Samoz\u0159ejmost\u00ed je tepl\u00e1 i studen\u00e1 voda a nesm\u00edme zapom\u00ednat ani na toaletu.V zim\u011b v l\u00e9t\u011b  \u00fc Pro ka\u017ed\u00e9 ro\u010dn\u00ed obdob\u00ed, 12 m\u011bs\u00edc\u016f v roce bez omezen\u00ed.  \u00fc Nov\u00e9 \u010desk\u00e9 mobiln\u00ed domy nadchnou sv\u00fdm designem, jedine\u010dnost\u00ed a pohlt\u00ed V\u00e1s svou v\u00fdjime\u010dnost\u00ed. Pln\u011b se p\u0159izp\u016fsob\u00ed Va\u0161emu \u017eivotu a Va\u0161im pot\u0159eb\u00e1m. V podobn\u00e9m obydl\u00ed m\u016f\u017eete bydlet opravdu celoro\u010dn\u011b. K dispozici jsou tak\u00e9 obydl\u00ed ve form\u011b chatek vhodn\u00e9 nap\u0159\u00edklad na zahrady nebo na sez\u00f3nn\u00ed pou\u017e\u00edv\u00e1n\u00ed. Av\u0161ak nab\u00edz\u00ed se i celoro\u010dn\u00ed typy na bydlen\u00ed po cel\u00fd rok. Nemus\u00edte se ob\u00fdvat, \u017ee by se zde v zim\u011b nedalo bydlet. Obydl\u00ed je zaji\u0161t\u011bno i z pohledu tepla, tak\u017ee i v zim\u011b V\u00e1m zde bude p\u0159\u00edjemn\u011b \u00fatulnu a teplou\u010dko.                                                                                                                                                                                                                                                                                                                                                                                                  "},{"@context":"https:\/\/schema.org\/","@type":"BreadcrumbList","itemListElement":[{"@type":"ListItem","position":1,"name":"Kdy\u017e se \u0159ekne","item":"https:\/\/www.zkb95.cz\/kdyz-se-rekne\/#breadcrumbitem"}]}]