[{"@context":"https:\/\/schema.org\/","@type":"Article","@id":"https:\/\/www.zkb95.cz\/krok-za-krokem-k-vyssimu-rodicaku\/#Article","mainEntityOfPage":"https:\/\/www.zkb95.cz\/krok-za-krokem-k-vyssimu-rodicaku\/","headline":"Krok za krokem k vy\u0161\u0161\u00edmu rodi\u010d\u00e1ku","name":"Krok za krokem k vy\u0161\u0161\u00edmu rodi\u010d\u00e1ku","description":"Dobr\u00e1 v\u011bc se poda\u0159ila a maminky pob\u00edraj\u00edc\u00ed rodi\u010dovskou dostanou od leto\u0161ka v\u00edce pen\u011bz. Cesta za nimi byla dlouh\u00e1 a trnit\u00e1. Vlastn\u011b a\u017e do druh\u00e9 poloviny prosince 2019 nikdo s ur\u010ditost\u00ed nev\u011bd\u011bl, s jak\u00fdm rozpo\u010dtem do dom\u00e1cnosti mohou\u00a0\u00a0letos mlad\u00e9 rodiny po\u010d\u00edtat. \u00a0 Od roku 2008 do 2019 se p\u0159\u00edsp\u011bvek nezv\u00fd\u0161il. Naopak v roce 2012 jej je\u0161t\u011b...","datePublished":"2020-01-15","dateModified":"2020-01-15","author":{"@type":"Person","@id":"https:\/\/www.zkb95.cz\/author\/#Person","name":"","url":"https:\/\/www.zkb95.cz\/author\/","identifier":1,"image":{"@type":"ImageObject","@id":"https:\/\/secure.gravatar.com\/avatar\/11f8c6ff4d174e1ebef1d6401491d0892ff6534e7a3312fbf752a8f90a4375cd?s=96&d=mm&r=g","url":"https:\/\/secure.gravatar.com\/avatar\/11f8c6ff4d174e1ebef1d6401491d0892ff6534e7a3312fbf752a8f90a4375cd?s=96&d=mm&r=g","height":96,"width":96}},"publisher":{"@type":"Organization","name":"zkb95.cz","logo":{"@type":"ImageObject","@id":"\/logo.png","url":"\/logo.png","width":600,"height":60}},"image":{"@type":"ImageObject","@id":"https:\/\/www.zkb95.cz\/wp-content\/uploads\/img_a366719_w4258_t1579358431.jpg","url":"https:\/\/www.zkb95.cz\/wp-content\/uploads\/img_a366719_w4258_t1579358431.jpg","height":0,"width":0},"url":"https:\/\/www.zkb95.cz\/krok-za-krokem-k-vyssimu-rodicaku\/","about":["Politika"],"wordCount":559,"articleBody":"Dobr\u00e1 v\u011bc se poda\u0159ila a maminky pob\u00edraj\u00edc\u00ed rodi\u010dovskou dostanou od leto\u0161ka v\u00edce pen\u011bz. Cesta za nimi byla dlouh\u00e1 a trnit\u00e1. Vlastn\u011b a\u017e do druh\u00e9 poloviny prosince 2019 nikdo s ur\u010ditost\u00ed nev\u011bd\u011bl, s jak\u00fdm rozpo\u010dtem do dom\u00e1cnosti mohou\u00a0\u00a0letos mlad\u00e9 rodiny po\u010d\u00edtat.\u00a0Od roku 2008 do 2019 se p\u0159\u00edsp\u011bvek nezv\u00fd\u0161il. Naopak v roce 2012 jej je\u0161t\u011b politici sn\u00ed\u017eili. Celkov\u00e1 \u010d\u00e1stka, kterou m\u011bly maminky mo\u017enost si rozd\u011blit a\u017e na 4 roky, \u010dinila na jedno d\u00edt\u011b 220 000 a 330 000 na v\u00edcer\u010data. Nov\u011b to bude o 80 tis\u00edc v\u00edce jednoho d\u00edt\u011bte a o 120 tis\u00edc u v\u00edcer\u010dat. Poj\u010fme zavzpom\u00ednat, jak cel\u00e1 tahanice prob\u00edhala.\u00a0Petr Kr\u010d\u00e1l (\u010cSSD) tehdej\u0161\u00ed ministr pr\u00e1ce a soci\u00e1ln\u00edch v\u011bc\u00ed chce p\u0159idat od 1. \u010dervence 2019 40 tis\u00edc a v roce 2020, p\u0159\u00edpadn\u011b 2021 dal\u0161\u00edch 40. Pozd\u011bji slo\u017eil funkci, proto\u017ee se uk\u00e1zalo, \u017ee diplomovou pr\u00e1ci opsal z vlastn\u00ed bakal\u00e1\u0159ky. Nahradila ho ministryn\u011b Jana Mal\u00e1\u010dov\u00e1.\u00a0Ministryn\u011b financ\u00ed Alena Schillerov\u00e1 navrhuje p\u0159idat 80 tis\u00edc najednou od ledna 2020 v\u0161em, kte\u0159\u00ed budou p\u0159\u00edsp\u011bvek v t\u00e9to dob\u011b pob\u00edrat \u2013 tedy variantu za 8,6 miliardy.\u00a0Mal\u00e1\u010dov\u00e1 chce p\u0159idat v\u0161em, kte\u0159\u00ed maj\u00ed d\u00edt\u011b do 4 let v\u011bku, i kdy\u017e u\u017e p\u0159\u00edslu\u0161nou \u010d\u00e1stku vy\u010derpali. To by z rozpo\u010dtu ukrojilo 11,2 miliardy.\u00a0Ve h\u0159e byly tedy 2 varianty.Jen\u017ee v b\u0159eznu z\u016fstali v\u0161echny mlad\u00e9 rodiny v \u0161oku. Mal\u00e1\u010dov\u00e1, Schillerov\u00e1 i premi\u00e9r Andrej Babi\u0161 se chlub\u00ed na soci\u00e1ln\u00edch s\u00edt\u00edch velk\u00fdm \u00fasp\u011bchem. Rodi\u010d\u00e1k se od 1. ledna 2020 skute\u010dn\u011b zv\u00fd\u0161\u00ed, ale jen pro d\u011bti narozen\u00e9 po tomto datu. Co\u017e vyvolalo doslova bou\u0159i. Rodi\u010de zakl\u00e1daj\u00ed na facebooku skupinu pro spravedliv\u00fd rodi\u010dovsk\u00fd p\u0159\u00edsp\u011bvek a sepisuj\u00ed petici.\u00a0Politici si uv\u011bdomili, \u017ee by tlak nemuseli ust\u00e1t.Babi\u0161 se sch\u00e1z\u00ed se z\u00e1stupci ze facebookov\u00e9 skupiny a slibuje, \u017ee nakonec pro aktivn\u011b pob\u00edraj\u00edc\u00ed bude schv\u00e1len. Trvalo to v\u0161ak dlouho, ne\u017e se o novele za\u010dala hovo\u0159it na p\u016fd\u011b Parlamentu a slibu u\u017e pomalu nikdo nev\u011b\u0159il. \u201eA\u017e to podep\u00ed\u0161e prezident, pak teprve s t\u00edm budu po\u010d\u00edtat,\u201d oz\u00fdvalo se nej\u010dast\u011bji na soci\u00e1ln\u00edch s\u00edt\u00edch.\u00a0Projedn\u00e1n\u00ed bylo slibov\u00e1no p\u016fvodn\u011b na z\u00e1\u0159\u00ed. Po v\u0161ech tahanic\u00edch a odkladech u\u017e asi m\u00e1lokoho p\u0159ekvapilo, \u017ee se poslanci k jeho projedn\u00e1n\u00ed v\u016fbec nedostali. Nakonec byl schv\u00e1len ve t\u0159et\u00edm \u010dten\u00ed a\u017e 6. listopadu po sporech mezi opozic\u00ed a vl\u00e1dn\u00ed koalic\u00ed. Ta dr\u017eela opozici v \u0161achu, proto\u017ee sv\u00e1zala p\u0159iklepnut\u00ed v\u00edce pen\u011bz rodin\u00e1m se schv\u00e1len\u00edm da\u0148ov\u00e9ho bal\u00ed\u010dku. S t\u00edm opozice nesouhlasila, proto\u017ee byla proti zv\u00fd\u0161en\u00ed spot\u0159ebn\u00ed dan\u011b na cigarety a alkohol.\u00a0V prosinci n\u00e1vrh nepro\u0161el p\u0159es Sen\u00e1t, kter\u00e9mu p\u0159i\u0161lo nespravedliv\u00e9, \u017ee politici odst\u0159ihnuli rodi\u010de d\u011bt\u00ed do 4 let, kte\u0159\u00ed u\u017e celou sumu vy\u010derpali. Byla to u\u017e ale sp\u00ed\u0161e formalita. Poslanci jej toti\u017e op\u011btovn\u011b schv\u00e1lili a prezident Milo\u0161 Zeman novelu 19. 12. podepsal. Na 80 tis\u00edc tak nedos\u00e1hne 70 tis\u00edc rodin.\u00a0                                                                                                                                                                                                                                                                                                                                                                                        4.2\/5 - (6 votes)        "},{"@context":"https:\/\/schema.org\/","@type":"BreadcrumbList","itemListElement":[{"@type":"ListItem","position":1,"name":"Krok za krokem k vy\u0161\u0161\u00edmu rodi\u010d\u00e1ku","item":"https:\/\/www.zkb95.cz\/krok-za-krokem-k-vyssimu-rodicaku\/#breadcrumbitem"}]}]