[{"@context":"https:\/\/schema.org\/","@type":"Article","@id":"https:\/\/www.zkb95.cz\/muze-vest-zastaralost-ustavy-k-tomu-ze-si-prezident-bude-delat-co-chce\/#Article","mainEntityOfPage":"https:\/\/www.zkb95.cz\/muze-vest-zastaralost-ustavy-k-tomu-ze-si-prezident-bude-delat-co-chce\/","headline":"M\u016f\u017ee v\u00e9st zastaralost \u00dastavy k tomu, \u017ee si prezident bude d\u011blat co chce?","name":"M\u016f\u017ee v\u00e9st zastaralost \u00dastavy k tomu, \u017ee si prezident bude d\u011blat co chce?","description":"&Auml;&#338;esk&Atilde;&iexcl; republika vznikla k 1.1. roku 1993, a v t&Atilde;&copy; dob&Auml;&#8250; byli v&Aring;&iexcl;ichni &Aring;&iexcl;&Aring;&yen;astn&Atilde;&shy;, &Aring;&frac34;e jsme se kone&Auml;n&Auml;&#8250; osvobodili a za&Auml;ali vl&Atilde;&iexcl;dnout sami sob&Auml;&#8250; bez vlivu ostatn&Atilde;&shy;ch. M&Auml;&#8250;lo se jednat o obdob&Atilde;&shy;, kdy u n&Atilde;&iexcl;s kone&Auml;n&Auml;&#8250; zavl&Atilde;&iexcl;dne demokracie, a za&Auml;neme &Aring;&frac34;&Atilde;&shy;t tak, jak budeme cht&Atilde;&shy;t. V t&Atilde;&copy;to dob&Auml;&#8250; byl tak&Atilde;&copy; vytvo&Aring;&#8482;en n&Atilde;&iexcl;&Aring;&iexcl; z&Atilde;&iexcl;kladn&Atilde;&shy; z&Atilde;&iexcl;kon, ve...","datePublished":"2019-08-16","dateModified":"2024-04-18","author":{"@type":"Person","@id":"https:\/\/www.zkb95.cz\/author\/#Person","name":"","url":"https:\/\/www.zkb95.cz\/author\/","identifier":1,"image":{"@type":"ImageObject","@id":"https:\/\/secure.gravatar.com\/avatar\/11f8c6ff4d174e1ebef1d6401491d0892ff6534e7a3312fbf752a8f90a4375cd?s=96&d=mm&r=g","url":"https:\/\/secure.gravatar.com\/avatar\/11f8c6ff4d174e1ebef1d6401491d0892ff6534e7a3312fbf752a8f90a4375cd?s=96&d=mm&r=g","height":96,"width":96}},"publisher":{"@type":"Organization","name":"zkb95.cz","logo":{"@type":"ImageObject","@id":"\/logo.png","url":"\/logo.png","width":600,"height":60}},"image":{"@type":"ImageObject","@id":"https:\/\/www.zkb95.cz\/wp-content\/uploads\/img_a353921_w3713_t1568480647.jpg","url":"https:\/\/www.zkb95.cz\/wp-content\/uploads\/img_a353921_w3713_t1568480647.jpg","height":0,"width":0},"url":"https:\/\/www.zkb95.cz\/muze-vest-zastaralost-ustavy-k-tomu-ze-si-prezident-bude-delat-co-chce\/","about":["Politika"],"wordCount":977,"articleBody":"&Auml;&#338;esk&Atilde;&iexcl; republika vznikla k 1.1. roku 1993, a v t&Atilde;&copy; dob&Auml;&#8250; byli v&Aring;&iexcl;ichni &Aring;&iexcl;&Aring;&yen;astn&Atilde;&shy;, &Aring;&frac34;e jsme se kone&Auml;n&Auml;&#8250; osvobodili a za&Auml;ali vl&Atilde;&iexcl;dnout sami sob&Auml;&#8250; bez vlivu ostatn&Atilde;&shy;ch. M&Auml;&#8250;lo se jednat o obdob&Atilde;&shy;, kdy u n&Atilde;&iexcl;s kone&Auml;n&Auml;&#8250; zavl&Atilde;&iexcl;dne demokracie, a za&Auml;neme &Aring;&frac34;&Atilde;&shy;t tak, jak budeme cht&Atilde;&shy;t. V t&Atilde;&copy;to dob&Auml;&#8250; byl tak&Atilde;&copy; vytvo&Aring;&#8482;en n&Atilde;&iexcl;&Aring;&iexcl; z&Atilde;&iexcl;kladn&Atilde;&shy; z&Atilde;&iexcl;kon, ve kter&Atilde;&copy;m jsou stanovena z&Atilde;&iexcl;kladn&Atilde;&shy; pravidla slou&Aring;&frac34;&Atilde;&shy;c&Atilde;&shy; k chodu tohoto slo&Aring;&frac34;it&Atilde;&copy;ho mechanismu zvan&Atilde;&copy;ho st&Atilde;&iexcl;t. Jsou zde tedy upraveny pravidla pro vl&Atilde;&iexcl;du, ministry, prezidenta apod.   Je jednozna&Auml;n&Auml;&#8250; jasn&Atilde;&copy;, &Aring;&frac34;e tento z&Atilde;&iexcl;kon nen&Atilde;&shy; nijakou novinkou, ba naopak by se dalo &Aring;&#8482;&Atilde;&shy;ci, &Aring;&frac34;e se jedn&Atilde;&iexcl; o jist&Atilde;&frac12; st&Aring;&#8482;&Atilde;&shy;pek vzpom&Atilde;&shy;nek, ve kter&Atilde;&copy;m je vid&Auml;&#8250;t touha po zm&Auml;&#8250;n&Auml;&#8250;, kter&Atilde;&iexcl; v&Aring;&iexcl;ak nen&Atilde;&shy; dota&Aring;&frac34;en&Atilde;&iexcl; dokonce. Jsou zde sice pevn&Auml;&#8250; stanoveny d&Atilde;&copy;lky jednotliv&Atilde;&frac12;ch volebn&Atilde;&shy;ch obdob&Atilde;&shy; &Auml;i po&Auml;et poslanc&Aring;&macr; a sen&Atilde;&iexcl;tor&Aring;&macr;, av&Aring;&iexcl;ak zde chyb&Atilde;&shy; jak&Atilde;&copy;si mantinely, p&Aring;&#8482;es kter&Atilde;&copy; by ne&Aring;&iexcl;lo proj&Atilde;&shy;t. Pokud se bl&Atilde;&shy;&Aring;&frac34;e pod&Atilde;&shy;v&Atilde;&iexcl;me na vztah prezident&Aring;&macr; a &Atilde;&#353;stavy, tak my jist&Auml;&#8250; d&Atilde;&iexcl;te za pravdu, &Aring;&frac34;e pan Havel by si v &Aring;&frac34;ivot&Auml;&#8250; nedovolil to, co p&Aring;&#8482;ijde panu Zemanovi naprosto norm&Atilde;&iexcl;ln&Atilde;&shy; a v po&Aring;&#8482;&Atilde;&iexcl;dku. A to je pr&Atilde;&iexcl;v&Auml;&#8250; ten probl&Atilde;&copy;m! Jeliko&Aring;&frac34; nejsou v r&Atilde;&iexcl;mci tohoto z&Atilde;&iexcl;kona pevn&Auml;&#8250; nastaveny nep&Aring;&#8482;ekro&Auml;iteln&Atilde;&copy; hranice, d&Atilde;&iexcl; se &Aring;&#8482;&Atilde;&shy;ci, &Aring;&frac34;e si tak ka&Aring;&frac34;d&Atilde;&frac12; m&Aring;&macr;&Aring;&frac34;e d&Auml;&#8250;lat, co chce, a to i z toho d&Aring;&macr;vodu, &Aring;&frac34;e u n&Atilde;&iexcl;s plat&Atilde;&shy; z&Atilde;&iexcl;sada leg&Atilde;&iexcl;ln&Atilde;&shy; licence, co&Aring;&frac34; lze vysv&Auml;&#8250;tlit jako princip, kter&Atilde;&frac12; vede k tomu, &Aring;&frac34;e ka&Aring;&frac34;d&Atilde;&frac12; m&Aring;&macr;&Aring;&frac34;e &Auml;init to, co z&Atilde;&iexcl;kon nezakazuje, a z&Atilde;&iexcl;rove&Aring;&#710; nem&Aring;&macr;&Aring;&frac34;e b&Atilde;&frac12;t nikdo nucen k v&Auml;&#8250;cem, o kter&Atilde;&frac12;ch z&Atilde;&iexcl;kon v&Aring;&macr;bec nepojedn&Atilde;&iexcl;v&Atilde;&iexcl;. Prezident m&Atilde;&iexcl; tedy v r&Atilde;&iexcl;mci &Atilde;&#353;stavy upraven zejm&Atilde;&copy;na dvoje pravomoci &acirc;&#8364;&#8220; prvn&Auml;&#8250; ty, na kter&Atilde;&frac12;ch se pod&Atilde;&shy;l&Atilde;&shy; s&Atilde;&iexcl;m, ve druh&Atilde;&copy; &Aring;&#8482;ad&Auml;&#8250; tak&Atilde;&copy; ty, kde pot&Aring;&#8482;ebuji ji&Aring;&frac34; n&Auml;&#8250;&Auml;&Atilde;&shy; spolupodpis (nej&Auml;ast&Auml;&#8250;ji se jedn&Atilde;&iexcl; o premi&Atilde;&copy;ra &Auml;i n&Auml;&#8250;kter&Atilde;&copy;ho z ministr&Aring;&macr;). Je sice p&Auml;&#8250;kn&Atilde;&copy;, &Aring;&frac34;e prezident tak v&Atilde;&shy;, co m&Aring;&macr;&Aring;&frac34;e, ale ji&Aring;&frac34; nev&Atilde;&shy;, kde jeho pravomoci kon&Auml;&Atilde;&shy;, proto&Aring;&frac34;e to prost&Auml;&#8250; nikde naps&Atilde;&iexcl;no nen&Atilde;&shy;.  J&Atilde;&iexcl; osobn&Auml;&#8250; k tomuto t&Atilde;&copy;matu zast&Atilde;&iexcl;v&Atilde;&iexcl;m n&Atilde;&iexcl;zor, &Aring;&frac34;e pokud chceme spokojen&Auml;&#8250; a dlouho &Aring;&frac34;&Atilde;&shy;t v na&Aring;&iexcl;&Atilde;&shy; kr&Atilde;&iexcl;sn&Atilde;&copy; mali&Auml;kat&Atilde;&copy; zemi, mus&Atilde;&shy;me pro to d&Auml;&#8250;lat n&Auml;&#8250;co v&Aring;&iexcl;ichni a spole&Auml;n&Auml;&#8250;. V&Aring;&iexcl;ichni se tak mus&Atilde;&shy;me nau&Auml;it &Aring;&frac34;&Atilde;&shy;t v harmonii a souladu s p&Aring;&#8482;&Atilde;&shy;rodou i ostatn&Atilde;&shy;mi lidmi, abychom nic zbyte&Auml;n&Auml;&#8250; nezni&Auml;ili. P&Aring;&#8482;eci jen se o n&Atilde;&iexcl;s &Aring;&#8482;&Atilde;&shy;k&Atilde;&iexcl;, &Aring;&frac34;e jsme srdce Evropy, a tak bychom k tomu m&Auml;&#8250;li i p&Aring;&#8482;istupovat. M&Auml;&#8250;li bychom b&Atilde;&frac12;t vzorem, jak to v&Aring;&iexcl;e m&Aring;&macr;&Aring;&frac34;e fungovat, a nikoliv jak&Atilde;&frac12;msi &Aring;&iexcl;a&Aring;&iexcl;kem pro v&Aring;&iexcl;echny ostatn&Atilde;&shy;. Nav&Atilde;&shy;c pokud chceme, aby se i d&Auml;&#8250;ti nau&Auml;ily dodr&Aring;&frac34;ovat pravidla, kter&Atilde;&iexcl; jsou spole&Auml;nost&Atilde;&shy; d&Atilde;&iexcl;na, mus&Atilde;&shy; je prost&Auml;&#8250; dodr&Aring;&frac34;ovat ka&Aring;&frac34;d&Atilde;&frac12; z n&Atilde;&iexcl;s, a to bez ohledu na to, zda je to zedn&Atilde;&shy;k, u&Auml;itel nebo prezident.                                                                                                                                                                                                                                                                                                                                                                                         5\/5 - (1 vote)        "},{"@context":"https:\/\/schema.org\/","@type":"BreadcrumbList","itemListElement":[{"@type":"ListItem","position":1,"name":"M\u016f\u017ee v\u00e9st zastaralost \u00dastavy k tomu, \u017ee si prezident bude d\u011blat co chce?","item":"https:\/\/www.zkb95.cz\/muze-vest-zastaralost-ustavy-k-tomu-ze-si-prezident-bude-delat-co-chce\/#breadcrumbitem"}]}]