[{"@context":"https:\/\/schema.org\/","@type":"Article","@id":"https:\/\/www.zkb95.cz\/ne-vzdy-je-narok-na-odskodneni-opravneny\/#Article","mainEntityOfPage":"https:\/\/www.zkb95.cz\/ne-vzdy-je-narok-na-odskodneni-opravneny\/","headline":"Ne v\u017edy je n\u00e1rok na od\u0161kodn\u011bn\u00ed opr\u00e1vn\u011bn\u00fd","name":"Ne v\u017edy je n\u00e1rok na od\u0161kodn\u011bn\u00ed opr\u00e1vn\u011bn\u00fd","description":"Pravd\u011bpodobn\u011b ka\u017ed\u00fd, kdo vyu\u017e\u00edv\u00e1 leteckou dopravu, se setkal s jednou nep\u0159\u00edjemnou, ale dost \u010dastou z\u00e1le\u017eitost\u00ed. Tou je zpo\u017ed\u011bn\u00fd let. Zejm\u00e9na v obdob\u00ed letn\u00edch dovolen\u00fdch je to naprosto b\u011b\u017en\u00e9. Nen\u00ed v\u00fdjimkou, pokud cestuj\u00edc\u00ed str\u00e1v\u00ed v leti\u0161tn\u00ed hale deset i v\u00edce hodin. Je to jist\u011b velice nep\u0159\u00edjemn\u00e9. V sou\u010dasn\u00e9 dob\u011b m\u016f\u017ee ale roztrp\u010den\u00ed nad odlo\u017een\u00fdm (zpo\u017ed\u011bn\u00fdm) letem...","datePublished":"2019-05-20","dateModified":"2024-04-18","author":{"@type":"Person","@id":"https:\/\/www.zkb95.cz\/author\/#Person","name":"","url":"https:\/\/www.zkb95.cz\/author\/","identifier":1,"image":{"@type":"ImageObject","@id":"https:\/\/secure.gravatar.com\/avatar\/11f8c6ff4d174e1ebef1d6401491d0892ff6534e7a3312fbf752a8f90a4375cd?s=96&d=mm&r=g","url":"https:\/\/secure.gravatar.com\/avatar\/11f8c6ff4d174e1ebef1d6401491d0892ff6534e7a3312fbf752a8f90a4375cd?s=96&d=mm&r=g","height":96,"width":96}},"publisher":{"@type":"Organization","name":"zkb95.cz","logo":{"@type":"ImageObject","@id":"\/logo.png","url":"\/logo.png","width":600,"height":60}},"image":{"@type":"ImageObject","@id":"https:\/\/www.zkb95.cz\/wp-content\/uploads\/img_a356615_w3713_t1571127859.jpg","url":"https:\/\/www.zkb95.cz\/wp-content\/uploads\/img_a356615_w3713_t1571127859.jpg","height":0,"width":0},"url":"https:\/\/www.zkb95.cz\/ne-vzdy-je-narok-na-odskodneni-opravneny\/","video":{"@context":"http:\/\/schema.org\/","@type":"VideoObject","@id":"https:\/\/www.youtube.com\/watch?v=XEbF607dI0A#VideoObject","contentUrl":"https:\/\/www.youtube.com\/watch?v=XEbF607dI0A","name":"Start letadla do Dubaje","description":"Let QS 1200 spole\u010dnosti Travel Service z Prahy do Dubaje. Nato\u010deno 15.1.2015","thumbnailUrl":["https:\/\/i.ytimg.com\/vi\/XEbF607dI0A\/default.jpg","https:\/\/i.ytimg.com\/vi\/XEbF607dI0A\/mqdefault.jpg","https:\/\/i.ytimg.com\/vi\/XEbF607dI0A\/hqdefault.jpg","https:\/\/i.ytimg.com\/vi\/XEbF607dI0A\/sddefault.jpg","https:\/\/i.ytimg.com\/vi\/XEbF607dI0A\/maxresdefault.jpg"],"uploadDate":"2015-03-08T08:21:38+00:00","duration":"PT1M42S","embedUrl":"https:\/\/www.youtube.com\/embed\/XEbF607dI0A","publisher":{"@type":"Organization","@id":"https:\/\/www.youtube.com\/channel\/UC1DWXWM6JRrhdj4obKRGasg#Organization","url":"https:\/\/www.youtube.com\/channel\/UC1DWXWM6JRrhdj4obKRGasg","name":"Michal V.","description":"Michal Valach","logo":{"url":"https:\/\/yt3.ggpht.com\/ytc\/AIdro_m8fVmpqfsjj5JSnN4A5pgoS0dX18LuWuHbobezyJ5CC2w=s800-c-k-c0x00ffffff-no-rj","width":800,"height":800,"@type":"ImageObject","@id":"https:\/\/www.youtube.com\/watch?v=XEbF607dI0A#VideoObject_publisher_logo_ImageObject"}},"potentialAction":{"@type":"SeekToAction","@id":"https:\/\/www.youtube.com\/watch?v=XEbF607dI0A#VideoObject_potentialAction","target":"https:\/\/www.youtube.com\/watch?v=XEbF607dI0A&t={seek_to_second_number}","startOffset-input":"required name=seek_to_second_number"},"interactionStatistic":[[{"@type":"InteractionCounter","@id":"https:\/\/www.youtube.com\/watch?v=XEbF607dI0A#VideoObject_interactionStatistic_WatchAction","interactionType":{"@type":"WatchAction"},"userInteractionCount":383837}],{"@type":"InteractionCounter","@id":"https:\/\/www.youtube.com\/watch?v=XEbF607dI0A#VideoObject_interactionStatistic_LikeAction","interactionType":{"@type":"LikeAction"},"userInteractionCount":1268}]},"about":["Spole\u010dnosti"],"wordCount":416,"articleBody":"   Pravd\u011bpodobn\u011b ka\u017ed\u00fd, kdo vyu\u017e\u00edv\u00e1 leteckou dopravu, se setkal s jednou nep\u0159\u00edjemnou, ale dost \u010dastou z\u00e1le\u017eitost\u00ed. Tou je zpo\u017ed\u011bn\u00fd let. Zejm\u00e9na v obdob\u00ed letn\u00edch dovolen\u00fdch je to naprosto b\u011b\u017en\u00e9. Nen\u00ed v\u00fdjimkou, pokud cestuj\u00edc\u00ed str\u00e1v\u00ed v leti\u0161tn\u00ed hale deset i v\u00edce hodin. Je to jist\u011b velice nep\u0159\u00edjemn\u00e9.   V sou\u010dasn\u00e9 dob\u011b m\u016f\u017ee ale roztrp\u010den\u00ed nad odlo\u017een\u00fdm (zpo\u017ed\u011bn\u00fdm) letem kompenzovat finan\u010dn\u00ed od\u0161kodn\u011bn\u00ed.  POZOR\u2013 je zapot\u0159eb\u00ed v\u011bd\u011bt, \u017ee ne v\u017edy m\u00e1 na n\u011bj ale cestuj\u00edc\u00ed n\u00e1rok. Je t\u0159eba si nejprve zjistit sv\u00e1 pr\u00e1va a pot\u00e9 n\u00e1rokovat finan\u010dn\u00ed n\u00e1hradu.   P\u0159i zji\u0161\u0165ov\u00e1n\u00ed n\u00e1roku cestuj\u00edc\u00edch se p\u0159ihl\u00ed\u017e\u00ed ke t\u0159em z\u00e1sadn\u00edm podm\u00ednk\u00e1m: Zji\u0161\u0165uje se d\u00e9lka zpo\u017ed\u011bn\u00ed letu v c\u00edlov\u00e9 destinaci Je zapot\u0159eb\u00ed v\u011bd\u011bt, jestli let spad\u00e1 do regulace EC 261\/2004 Je mo\u017en\u00e1 kompenzace jin\u00fdm zp\u016fsobem? Nap\u0159\u00edklad leteck\u00e9 m\u00edle \u010di d\u00e1rkov\u00e9 pouk\u00e1zky. N\u011bkdy je leteck\u00e1 spole\u010dnost zcela bez viny  Je tak\u00e9 nutn\u00e9 br\u00e1t na z\u0159etel fakt, jestli mohla leteck\u00e1 spole\u010dnost zpo\u017ed\u011bn\u00ed ovlivnit. Nap\u0159\u00edklad v p\u0159\u00edpad\u011b zhor\u0161en\u00e9ho po\u010das\u00ed nenese na nastal\u00e9 situaci nikdo \u017e\u00e1dnou zodpov\u011bdnost. To sam\u00e9 plat\u00ed i v p\u0159\u00edpad\u011b, pokud na leti\u0161ti hroz\u00ed nebezpe\u010d\u00ed teroristick\u00e9ho \u00fatoku. Bylo by jist\u011b neologick\u00e9 cht\u00edt po leteck\u00e9 spole\u010dnosti od\u0161kodn\u011bn\u00ed za to, \u017ee se sna\u017eila sv\u00e9 klienty ochr\u00e1nit.  Kombinac\u00ed v\u0161ech faktor\u016f se zji\u0161\u0165uje, jestli m\u00e1 pasa\u017e\u00e9r na od\u0161kod\u011bn\u00ed n\u00e1rok. Podm\u00ednek je mnohem v\u00edce a je dobr\u00e9 se zeptat na kompetentn\u00edch m\u00edstech na mo\u017enosti, kter\u00e9 maj\u00ed cestuj\u00edc\u00ed p\u0159i zpo\u017ed\u011bn\u00ed let\u016f claimcloud.cz.   V\u00fd\u0161e od\u0161kodn\u00e9ho m\u016f\u017ee b\u00fdt r\u016fzn\u00e1  Pokud jsou v\u0161echny podm\u00ednky spln\u011bny, p\u0159ich\u00e1z\u00ed na \u0159adu rozhodnut\u00ed o maxim\u00e1ln\u00ed v\u00fd\u0161i od\u0161kodn\u011bn\u00ed. O t\u00e9 rozhoduje vzd\u00e1lenost odletov\u00e9 destinace a c\u00edlov\u00e9 destinace. Tyto vzd\u00e1lenosti ale musej\u00ed b\u00fdt v r\u00e1mci jedn\u00e9 rezervace.  T\u00edm p\u00e1dem se nezapo\u010d\u00edt\u00e1v\u00e1 vzd\u00e1lenost mezip\u0159ist\u00e1n\u00ed anebo p\u0159estupy v pr\u016fb\u011bhu cesty. Jde tedy o nejkrat\u0161\u00ed vzd\u00e1lenost mezi po\u010d\u00e1te\u010dn\u00edm a c\u00edlov\u00fdm bodem.                                                                                                                                                                                                                                                                                                                                                                                          1\/5 - (1 vote)        "},{"@context":"https:\/\/schema.org\/","@type":"BreadcrumbList","itemListElement":[{"@type":"ListItem","position":1,"name":"Ne v\u017edy je n\u00e1rok na od\u0161kodn\u011bn\u00ed opr\u00e1vn\u011bn\u00fd","item":"https:\/\/www.zkb95.cz\/ne-vzdy-je-narok-na-odskodneni-opravneny\/#breadcrumbitem"}]}]