[{"@context":"https:\/\/schema.org\/","@type":"Article","@id":"https:\/\/www.zkb95.cz\/vneste-si-do-domu-leto-i-v-mrazivych-mesicich\/#Article","mainEntityOfPage":"https:\/\/www.zkb95.cz\/vneste-si-do-domu-leto-i-v-mrazivych-mesicich\/","headline":"Vneste si do domu l\u00e9to i v mraziv\u00fdch m\u011bs\u00edc\u00edch","name":"Vneste si do domu l\u00e9to i v mraziv\u00fdch m\u011bs\u00edc\u00edch","description":"Zimy jsou mnohdy velmi dlouh\u00e9 a krut\u00e9. Nen\u00ed divu, \u017ee str\u00e1v\u00edme hodn\u011b \u010dasu p\u0159em\u00fd\u0161len\u00edm, jak se maj\u00ed na\u0161i \u0161\u0165astn\u011bj\u0161\u00ed ji\u017en\u00ed sousedi, kter\u00e9 chladno netr\u00e1p\u00ed tolik, jako n\u00e1s. Jestli\u017ee m\u00e1te voln\u00e9 m\u00edsto a chu\u0165, m\u016f\u017eete si pop\u0159em\u00fd\u0161let nad zaj\u00edmavou my\u0161lenkou. Zimn\u00ed zahrady jsou v dne\u0161n\u00ed dob\u011b velmi obl\u00edben\u00e9, proto\u017ee n\u00e1m vkl\u00e1daj\u00ed kousek kr\u00e1sn\u00e9ho a tepl\u00e9ho l\u00e9ta,...","datePublished":"2024-11-24","dateModified":"2024-11-24","author":{"@type":"Person","@id":"https:\/\/www.zkb95.cz\/author\/#Person","name":"","url":"https:\/\/www.zkb95.cz\/author\/","identifier":1,"image":{"@type":"ImageObject","@id":"https:\/\/secure.gravatar.com\/avatar\/11f8c6ff4d174e1ebef1d6401491d0892ff6534e7a3312fbf752a8f90a4375cd?s=96&d=mm&r=g","url":"https:\/\/secure.gravatar.com\/avatar\/11f8c6ff4d174e1ebef1d6401491d0892ff6534e7a3312fbf752a8f90a4375cd?s=96&d=mm&r=g","height":96,"width":96}},"publisher":{"@type":"Organization","name":"zkb95.cz","logo":{"@type":"ImageObject","@id":"\/logo.png","url":"\/logo.png","width":600,"height":60}},"url":"https:\/\/www.zkb95.cz\/vneste-si-do-domu-leto-i-v-mrazivych-mesicich\/","wordCount":174,"articleBody":"Zimy jsou mnohdy velmi dlouh\u00e9 a krut\u00e9. Nen\u00ed divu, \u017ee str\u00e1v\u00edme hodn\u011b \u010dasu p\u0159em\u00fd\u0161len\u00edm, jak se maj\u00ed na\u0161i \u0161\u0165astn\u011bj\u0161\u00ed ji\u017en\u00ed sousedi, kter\u00e9 chladno netr\u00e1p\u00ed tolik, jako n\u00e1s. Jestli\u017ee m\u00e1te voln\u00e9 m\u00edsto a chu\u0165, m\u016f\u017eete si pop\u0159em\u00fd\u0161let nad zaj\u00edmavou my\u0161lenkou. Zimn\u00ed zahrady jsou v dne\u0161n\u00ed dob\u011b velmi obl\u00edben\u00e9, proto\u017ee n\u00e1m vkl\u00e1daj\u00ed kousek kr\u00e1sn\u00e9ho a tepl\u00e9ho l\u00e9ta, p\u0159\u00edmo do na\u0161eho domu.\tM\u00edsto na slunciA\u0165 u\u017e zde chcete p\u011bstovat rostliny, anebo si takov\u00fd prostor tou\u017e\u00edte ud\u011blat jen kv\u016fli tomu, \u017ee se V\u00e1m l\u00edb\u00ed hodn\u011b sv\u011btla v dom\u011b, jist\u011b se V\u00e1m bude hodit spr\u00e1vn\u00e1 firma, kter\u00e1 V\u00e1s se v\u0161\u00edm porad\u00ed, sv\u00e9mu oboru dob\u0159e rozum\u00ed a samoz\u0159ejm\u011b V\u00e1m v\u0161e za\u0159\u00edd\u00ed. Nikdo se nechce zbyte\u010dn\u011b nervovat, a proto jsme s V\u00e1mi vy\u0159e\u0161it v\u0161e, co bude pot\u0159eba.                                                                                                                                                                                                                                                                                                                                                                                                "},{"@context":"https:\/\/schema.org\/","@type":"BreadcrumbList","itemListElement":[{"@type":"ListItem","position":1,"name":"Vneste si do domu l\u00e9to i v mraziv\u00fdch m\u011bs\u00edc\u00edch","item":"https:\/\/www.zkb95.cz\/vneste-si-do-domu-leto-i-v-mrazivych-mesicich\/#breadcrumbitem"}]}]